{"id":913,"date":"2009-09-06T15:56:58","date_gmt":"2009-09-06T07:56:58","guid":{"rendered":"http:\/\/www.viciac.net\/blog\/?p=913"},"modified":"2010-12-23T05:45:36","modified_gmt":"2010-12-22T21:45:36","slug":"bonjour-tristesse-oder-ich-bin-sauer","status":"publish","type":"post","link":"https:\/\/www.viciac.net\/blog\/?p=913","title":{"rendered":"Bonjour tristesse oder ich bin sauer"},"content":{"rendered":"<p>Langsam n\u00e4ht sich der Winter an. Die Bl\u00e4tter fallen vom Baum runter und der Tag wird k\u00fcrzere. Ich kann hier immer noch nicht weg. Vor zwei Wochen habe ich wirklich gedacht, dass die Geschichte nun ihre Gipfel erreicht h\u00e4tte, oder besser gesagt, schlimmer d\u00fcrfte es bestimmt nicht mehr werden. Und jetzt sehe ich ein, das Leben kann einer immer wieder \u00fcberraschen, dagegen kann ich mich nicht wehren. Ich frag mich, was habe ich blo\u00df falsch gemacht?<br \/>\nPhips sagte zu mir, dass die Perfektion auch eine Behinderung sein kann. Ja er mag Recht haben, aber das betrifft mich doch nicht. Sch\u00f6n w\u00e4re es.<br \/>\nHinter die dichten Seidenvorh\u00e4nge in ihr Harem erz\u00e4hlte Scheherazade dem Herrn eine Geschichte von einem Geist, der in eine Flasche fest versiegelt wurde. Er versprach seine Befreier Reichtum in den ersten hundert Jahren, es kam Niemand. In der zweite Jahrhundert soll der Befreier alle Sch\u00e4tze der Welt bekommen, es kam Niemand. Danach wurde der Geist zornig. er wollte den Man t\u00f6ten, wenn er ihm aus der Flasche raus holt. Warten qu\u00e4lt. Ich weis nicht, wie lange ich meine Geduld und meine Vernunft noch behalten kann&#8230; Am Ende fragt man sich, will man noch befreit werden? Oder \u00fcberhaupt, was stellt man sich unter den Begriff Befreiung vor?<br \/>\nWie geht\u2019s dir? So begr\u00fc\u00dft jeden jedem und erwartet als die einzige Antwort: Mir geht\u2019s gut. Die Wahrheit interessiert keine, man muss sie f\u00fcr sich behalten: dieses \u201emir geht\u2019s beschi\u00dfen\u201c.<\/p>\n","protected":false},"excerpt":{"rendered":"<p>Langsam n\u00e4ht sich der Winter an. Die Bl\u00e4tter fallen vom Baum runter und der Tag wird k\u00fcrzere. Ich kann hier immer noch nicht weg. Vor zwei Wochen habe ich wirklich gedacht, dass die Geschichte nun ihre Gipfel erreicht h\u00e4tte, oder besser gesagt, schlimmer d\u00fcrfte es bestimmt nicht mehr werden. Und jetzt sehe ich ein, das [&hellip;]<\/p>\n","protected":false},"author":1,"featured_media":0,"comment_status":"closed","ping_status":"open","sticky":false,"template":"","format":"standard","meta":{"footnotes":""},"categories":[2],"tags":[],"class_list":["post-913","post","type-post","status-publish","format-standard","hentry","category-2"],"_links":{"self":[{"href":"https:\/\/www.viciac.net\/blog\/index.php?rest_route=\/wp\/v2\/posts\/913","targetHints":{"allow":["GET"]}}],"collection":[{"href":"https:\/\/www.viciac.net\/blog\/index.php?rest_route=\/wp\/v2\/posts"}],"about":[{"href":"https:\/\/www.viciac.net\/blog\/index.php?rest_route=\/wp\/v2\/types\/post"}],"author":[{"embeddable":true,"href":"https:\/\/www.viciac.net\/blog\/index.php?rest_route=\/wp\/v2\/users\/1"}],"replies":[{"embeddable":true,"href":"https:\/\/www.viciac.net\/blog\/index.php?rest_route=%2Fwp%2Fv2%2Fcomments&post=913"}],"version-history":[{"count":9,"href":"https:\/\/www.viciac.net\/blog\/index.php?rest_route=\/wp\/v2\/posts\/913\/revisions"}],"predecessor-version":[{"id":2015,"href":"https:\/\/www.viciac.net\/blog\/index.php?rest_route=\/wp\/v2\/posts\/913\/revisions\/2015"}],"wp:attachment":[{"href":"https:\/\/www.viciac.net\/blog\/index.php?rest_route=%2Fwp%2Fv2%2Fmedia&parent=913"}],"wp:term":[{"taxonomy":"category","embeddable":true,"href":"https:\/\/www.viciac.net\/blog\/index.php?rest_route=%2Fwp%2Fv2%2Fcategories&post=913"},{"taxonomy":"post_tag","embeddable":true,"href":"https:\/\/www.viciac.net\/blog\/index.php?rest_route=%2Fwp%2Fv2%2Ftags&post=913"}],"curies":[{"name":"wp","href":"https:\/\/api.w.org\/{rel}","templated":true}]}}